{"id":1859,"date":"2023-10-03T12:06:09","date_gmt":"2023-10-03T10:06:09","guid":{"rendered":"https:\/\/nadege-dauvergne.art\/blog\/?p=1859"},"modified":"2023-10-15T19:14:31","modified_gmt":"2023-10-15T17:14:31","slug":"galerie-artfontainebleau-exposition-solo","status":"publish","type":"post","link":"https:\/\/nadege-dauvergne.art\/blog\/2023\/10\/galerie-artfontainebleau-exposition-solo\/","title":{"rendered":"Galerie artfontainebleau &#8211; Exposition solo"},"content":{"rendered":"\n<p><\/p>\n\n\n\n<p class=\"has-text-align-left\"><strong>Nouvelle exposition<\/strong> du 21 septembre au 5 novembre.<\/p>\n\n\n\n<p class=\"has-text-align-left\"><strong>Performance<\/strong> live painting sur <strong>le Mur artfontainebleau<\/strong> le samedi 7 octobre.<\/p>\n\n\n\n<p class=\"has-text-align-left\"><a href=\"http:\/\/www.artfontainebleau.net\/2020\/07\/nadege-dauvergne-1973.html\" data-type=\"link\" data-id=\"http:\/\/www.artfontainebleau.net\/2020\/07\/nadege-dauvergne-1973.html\">Page \u00e0 consulter sur le site de la galerie<\/a><\/p>\n\n\n\n<figure class=\"wp-block-image size-large\"><img loading=\"lazy\" decoding=\"async\" width=\"763\" height=\"1024\" src=\"https:\/\/nadege-dauvergne.art\/blog\/wp-content\/uploads\/2023\/10\/AFFICHE-A2-DAUVERGNE-2023-_1_-1-763x1024.png\" alt=\"\" class=\"wp-image-1865\" srcset=\"https:\/\/nadege-dauvergne.art\/blog\/wp-content\/uploads\/2023\/10\/AFFICHE-A2-DAUVERGNE-2023-_1_-1-763x1024.png 763w, https:\/\/nadege-dauvergne.art\/blog\/wp-content\/uploads\/2023\/10\/AFFICHE-A2-DAUVERGNE-2023-_1_-1-224x300.png 224w, https:\/\/nadege-dauvergne.art\/blog\/wp-content\/uploads\/2023\/10\/AFFICHE-A2-DAUVERGNE-2023-_1_-1-768x1031.png 768w, https:\/\/nadege-dauvergne.art\/blog\/wp-content\/uploads\/2023\/10\/AFFICHE-A2-DAUVERGNE-2023-_1_-1-1145x1536.png 1145w, https:\/\/nadege-dauvergne.art\/blog\/wp-content\/uploads\/2023\/10\/AFFICHE-A2-DAUVERGNE-2023-_1_-1-1526x2048.png 1526w, https:\/\/nadege-dauvergne.art\/blog\/wp-content\/uploads\/2023\/10\/AFFICHE-A2-DAUVERGNE-2023-_1_-1.png 1711w\" sizes=\"auto, (max-width: 763px) 100vw, 763px\" \/><\/figure>\n\n\n\n<div style=\"height:68px\" aria-hidden=\"true\" class=\"wp-block-spacer\"><\/div>\n\n\n\n<!-- Final Tiles Grid Gallery for WordPress v3.6.10 free --><style>#ftg-9898 .tile .icon { color:#ffffff; }#ftg-9898 .ftg-items .loading-bar i { background:#666; }#ftg-9898 .ftg-items .loading-bar { background:#fff; }#ftg-9898 .tile .icon { font-size:12px; }#ftg-9898 .tile .icon { margin: -6px 0 0 -6px; }#ftg-9898 .tile .caption-block .text-wrapper span.text { font-size:12px; }#ftg-9898 .tile .caption-outside .text-wrapper span.text { font-size:12px; }#ftg-9898 .tile .caption-block .text-wrapper span.title { font-size:14px; }#ftg-9898 .tile .caption-outside .text-wrapper span.title { font-size:14px; }#ftg-9898 .tile { background-color: transparent; }#ftg-9898 .tile .caption-block .text-wrapper span.text { color: #ffffff; }#ftg-9898 .tile .caption-block .text-wrapper span.title { color: #ffffff; }#ftg-9898 .tile .caption-outside .text-wrapper span.text { color: #ffffff; }#ftg-9898 .tile .caption-outside .text-wrapper span.title { color: #ffffff; }#ftg-9898 .tile .ftg-social a { color: #ffffff; }#ftg-9898 .tile .caption-block { transition-timing-function:linear; }#ftg-9898 .tile .caption-block { transition-duration:0.25s; }#ftg-9898 .tile .tile-inner:before { background-color: #000000; }#ftg-9898 .tile .tile-inner:before { background-color: rgba(0, 0, 0, 0.8); }<\/style><a name=\"98\"><\/a><div class=\"final-tiles-gallery  ftg-hover-enabled caption-inside  caption-none caption-middle caption-center\" id=\"ftg-9898\" style=\"width: 100%\"><div class='ftg-items'><div class='loading-bar'><i><\/i><\/div><div  class='tile ftg-preload  '><a title=\"\" data-lightbox='ftg-9898' rel='ftg-9898'  class=' tile-inner  ftg-lightbox' href='https:\/\/nadege-dauvergne.art\/blog\/wp-content\/uploads\/2023\/10\/DSC00790-1024x682.jpg' ><img alt='' class='item skip-lazy' data-class='item' data-ftg-source='https:\/\/nadege-dauvergne.art\/blog\/wp-content\/uploads\/2023\/10\/DSC00790-1024x682.jpg' src='https:\/\/nadege-dauvergne.art\/blog\/wp-content\/uploads\/2023\/10\/DSC00790-1024x682.jpg' width='1024' height='682' \/><span class='icon fa fa-zoom'><\/span><div class='caption-block'><\/div><\/a><div class='ftg-social'><\/div><\/div><div  class='tile ftg-preload  '><a title=\"\" data-lightbox='ftg-9898' rel='ftg-9898'  class=' tile-inner  ftg-lightbox' href='https:\/\/nadege-dauvergne.art\/blog\/wp-content\/uploads\/2023\/10\/IMG_20231007_193137-768x1024.jpg' ><img alt='' class='item skip-lazy' data-class='item' data-ftg-source='https:\/\/nadege-dauvergne.art\/blog\/wp-content\/uploads\/2023\/10\/IMG_20231007_193137-768x1024.jpg' src='https:\/\/nadege-dauvergne.art\/blog\/wp-content\/uploads\/2023\/10\/IMG_20231007_193137-768x1024.jpg' width='768' height='1024' \/><span class='icon fa fa-zoom'><\/span><div class='caption-block'><\/div><\/a><div class='ftg-social'><\/div><\/div><div  class='tile ftg-preload  '><a title=\"\" data-lightbox='ftg-9898' rel='ftg-9898'  class=' tile-inner  ftg-lightbox' href='https:\/\/nadege-dauvergne.art\/blog\/wp-content\/uploads\/2023\/10\/IMG_20231007_192833c-1024x768.jpg' ><img alt='' class='item skip-lazy' data-class='item' data-ftg-source='https:\/\/nadege-dauvergne.art\/blog\/wp-content\/uploads\/2023\/10\/IMG_20231007_192833c-1024x768.jpg' src='https:\/\/nadege-dauvergne.art\/blog\/wp-content\/uploads\/2023\/10\/IMG_20231007_192833c-1024x768.jpg' width='1024' height='768' \/><span class='icon fa fa-zoom'><\/span><div class='caption-block'><\/div><\/a><div class='ftg-social'><\/div><\/div><div  class='tile ftg-preload  '><a title=\"\" data-lightbox='ftg-9898' rel='ftg-9898'  class=' tile-inner  ftg-lightbox' href='https:\/\/nadege-dauvergne.art\/blog\/wp-content\/uploads\/2023\/10\/DSC00845-1024x682.jpg' ><img alt='' class='item skip-lazy' data-class='item' data-ftg-source='https:\/\/nadege-dauvergne.art\/blog\/wp-content\/uploads\/2023\/10\/DSC00845-1024x682.jpg' src='https:\/\/nadege-dauvergne.art\/blog\/wp-content\/uploads\/2023\/10\/DSC00845-1024x682.jpg' width='1024' height='682' \/><span class='icon fa fa-zoom'><\/span><div class='caption-block'><\/div><\/a><div class='ftg-social'><\/div><\/div><div  class='tile ftg-preload  '><a title=\"\" data-lightbox='ftg-9898' rel='ftg-9898'  class=' tile-inner  ftg-lightbox' href='https:\/\/nadege-dauvergne.art\/blog\/wp-content\/uploads\/2023\/10\/DSC00825-1024x682.jpg' ><img alt='' class='item skip-lazy' data-class='item' data-ftg-source='https:\/\/nadege-dauvergne.art\/blog\/wp-content\/uploads\/2023\/10\/DSC00825-1024x682.jpg' src='https:\/\/nadege-dauvergne.art\/blog\/wp-content\/uploads\/2023\/10\/DSC00825-1024x682.jpg' width='1024' height='682' \/><span class='icon fa fa-zoom'><\/span><div class='caption-block'><\/div><\/a><div class='ftg-social'><\/div><\/div><div  class='tile ftg-preload  '><a title=\"\" data-lightbox='ftg-9898' rel='ftg-9898'  class=' tile-inner  ftg-lightbox' href='https:\/\/nadege-dauvergne.art\/blog\/wp-content\/uploads\/2023\/10\/DSC00823-1024x682.jpg' ><img alt='' class='item skip-lazy' data-class='item' data-ftg-source='https:\/\/nadege-dauvergne.art\/blog\/wp-content\/uploads\/2023\/10\/DSC00823-1024x682.jpg' src='https:\/\/nadege-dauvergne.art\/blog\/wp-content\/uploads\/2023\/10\/DSC00823-1024x682.jpg' width='1024' height='682' \/><span class='icon fa fa-zoom'><\/span><div class='caption-block'><\/div><\/a><div class='ftg-social'><\/div><\/div><\/div><\/div>\n\n\n\n<div style=\"height:37px\" aria-hidden=\"true\" class=\"wp-block-spacer\"><\/div>\n\n\n\n<p>Le MUR de la galerie accueille une fresque r\u00e9alis\u00e9e le 7 octobre, en parall\u00e8le de l&rsquo;exposition et qui sera visible jusqu&rsquo;au printemps 2024. Elle est inspir\u00e9e d&rsquo;un tableau de Paul Delaroche \u00ab\u00a0Portrait pr\u00e9sum\u00e9 de Louise Vernet\u00a0\u00bb.<\/p>\n\n\n\n<p>Photos Sylvie Ayme.<\/p>\n","protected":false},"excerpt":{"rendered":"<p>Nouvelle exposition du 21 septembre au 5 novembre. Performance live painting sur le Mur artfontainebleau le samedi 7 octobre. Page \u00e0 consulter sur le site de la galerie Le MUR de la galerie accueille une fresque r\u00e9alis\u00e9e le 7 octobre, en parall\u00e8le de l&rsquo;exposition et qui sera visible jusqu&rsquo;au printemps 2024. Elle est inspir\u00e9e d&rsquo;un &#8230; <a title=\"Galerie artfontainebleau &#8211; Exposition solo\" class=\"read-more\" href=\"https:\/\/nadege-dauvergne.art\/blog\/2023\/10\/galerie-artfontainebleau-exposition-solo\/\" aria-label=\"En savoir plus sur Galerie artfontainebleau &#8211; Exposition solo\">Lire la suite<\/a><\/p>\n","protected":false},"author":2,"featured_media":0,"comment_status":"closed","ping_status":"closed","sticky":false,"template":"","format":"standard","meta":{"footnotes":""},"categories":[8],"tags":[],"class_list":["post-1859","post","type-post","status-publish","format-standard","hentry","category-expositions"],"yoast_head":"<!-- This site is optimized with the Yoast SEO plugin v26.7 - https:\/\/yoast.com\/wordpress\/plugins\/seo\/ -->\n<title>Galerie artfontainebleau - Exposition solo - Nad\u00e8ge Dauvergne<\/title>\n<meta name=\"robots\" content=\"index, follow, max-snippet:-1, max-image-preview:large, max-video-preview:-1\" \/>\n<link rel=\"canonical\" href=\"https:\/\/nadege-dauvergne.art\/blog\/2023\/10\/galerie-artfontainebleau-exposition-solo\/\" \/>\n<meta property=\"og:locale\" content=\"fr_FR\" \/>\n<meta property=\"og:type\" content=\"article\" \/>\n<meta property=\"og:title\" content=\"Galerie artfontainebleau - Exposition solo - Nad\u00e8ge Dauvergne\" \/>\n<meta property=\"og:description\" content=\"Nouvelle exposition du 21 septembre au 5 novembre. Performance live painting sur le Mur artfontainebleau le samedi 7 octobre. Page \u00e0 consulter sur le site de la galerie Le MUR de la galerie accueille une fresque r\u00e9alis\u00e9e le 7 octobre, en parall\u00e8le de l&rsquo;exposition et qui sera visible jusqu&rsquo;au printemps 2024. Elle est inspir\u00e9e d&rsquo;un ... Lire la suite\" \/>\n<meta property=\"og:url\" content=\"https:\/\/nadege-dauvergne.art\/blog\/2023\/10\/galerie-artfontainebleau-exposition-solo\/\" \/>\n<meta property=\"og:site_name\" content=\"Nad\u00e8ge Dauvergne\" \/>\n<meta property=\"article:publisher\" content=\"https:\/\/www.facebook.com\/nadege.dauvergne.7\" \/>\n<meta property=\"article:author\" content=\"https:\/\/www.facebook.com\/nadege.dauvergne.7\" \/>\n<meta property=\"article:published_time\" content=\"2023-10-03T10:06:09+00:00\" \/>\n<meta property=\"article:modified_time\" content=\"2023-10-15T17:14:31+00:00\" \/>\n<meta property=\"og:image\" content=\"https:\/\/nadege-dauvergne.art\/blog\/wp-content\/uploads\/2023\/10\/AFFICHE-A2-DAUVERGNE-2023-_1_-1-763x1024.png\" \/>\n<meta name=\"author\" content=\"Nad\u00e8ge Dauvergne\" \/>\n<meta name=\"twitter:card\" content=\"summary_large_image\" \/>\n<meta name=\"twitter:label1\" content=\"\u00c9crit par\" \/>\n\t<meta name=\"twitter:data1\" content=\"Nad\u00e8ge Dauvergne\" \/>\n<script type=\"application\/ld+json\" class=\"yoast-schema-graph\">{\"@context\":\"https:\/\/schema.org\",\"@graph\":[{\"@type\":\"Article\",\"@id\":\"https:\/\/nadege-dauvergne.art\/blog\/2023\/10\/galerie-artfontainebleau-exposition-solo\/#article\",\"isPartOf\":{\"@id\":\"https:\/\/nadege-dauvergne.art\/blog\/2023\/10\/galerie-artfontainebleau-exposition-solo\/\"},\"author\":{\"name\":\"Nad\u00e8ge Dauvergne\",\"@id\":\"https:\/\/nadege-dauvergne.art\/blog\/#\/schema\/person\/6172f2539ba808bfeae86402323f66ea\"},\"headline\":\"Galerie artfontainebleau &#8211; Exposition solo\",\"datePublished\":\"2023-10-03T10:06:09+00:00\",\"dateModified\":\"2023-10-15T17:14:31+00:00\",\"mainEntityOfPage\":{\"@id\":\"https:\/\/nadege-dauvergne.art\/blog\/2023\/10\/galerie-artfontainebleau-exposition-solo\/\"},\"wordCount\":76,\"publisher\":{\"@id\":\"https:\/\/nadege-dauvergne.art\/blog\/#\/schema\/person\/6172f2539ba808bfeae86402323f66ea\"},\"image\":{\"@id\":\"https:\/\/nadege-dauvergne.art\/blog\/2023\/10\/galerie-artfontainebleau-exposition-solo\/#primaryimage\"},\"thumbnailUrl\":\"https:\/\/nadege-dauvergne.art\/blog\/wp-content\/uploads\/2023\/10\/AFFICHE-A2-DAUVERGNE-2023-_1_-1-763x1024.png\",\"articleSection\":[\"Expositions\"],\"inLanguage\":\"fr-FR\"},{\"@type\":\"WebPage\",\"@id\":\"https:\/\/nadege-dauvergne.art\/blog\/2023\/10\/galerie-artfontainebleau-exposition-solo\/\",\"url\":\"https:\/\/nadege-dauvergne.art\/blog\/2023\/10\/galerie-artfontainebleau-exposition-solo\/\",\"name\":\"Galerie artfontainebleau - Exposition solo - Nad\u00e8ge Dauvergne\",\"isPartOf\":{\"@id\":\"https:\/\/nadege-dauvergne.art\/blog\/#website\"},\"primaryImageOfPage\":{\"@id\":\"https:\/\/nadege-dauvergne.art\/blog\/2023\/10\/galerie-artfontainebleau-exposition-solo\/#primaryimage\"},\"image\":{\"@id\":\"https:\/\/nadege-dauvergne.art\/blog\/2023\/10\/galerie-artfontainebleau-exposition-solo\/#primaryimage\"},\"thumbnailUrl\":\"https:\/\/nadege-dauvergne.art\/blog\/wp-content\/uploads\/2023\/10\/AFFICHE-A2-DAUVERGNE-2023-_1_-1-763x1024.png\",\"datePublished\":\"2023-10-03T10:06:09+00:00\",\"dateModified\":\"2023-10-15T17:14:31+00:00\",\"breadcrumb\":{\"@id\":\"https:\/\/nadege-dauvergne.art\/blog\/2023\/10\/galerie-artfontainebleau-exposition-solo\/#breadcrumb\"},\"inLanguage\":\"fr-FR\",\"potentialAction\":[{\"@type\":\"ReadAction\",\"target\":[\"https:\/\/nadege-dauvergne.art\/blog\/2023\/10\/galerie-artfontainebleau-exposition-solo\/\"]}]},{\"@type\":\"ImageObject\",\"inLanguage\":\"fr-FR\",\"@id\":\"https:\/\/nadege-dauvergne.art\/blog\/2023\/10\/galerie-artfontainebleau-exposition-solo\/#primaryimage\",\"url\":\"https:\/\/nadege-dauvergne.art\/blog\/wp-content\/uploads\/2023\/10\/AFFICHE-A2-DAUVERGNE-2023-_1_-1.png\",\"contentUrl\":\"https:\/\/nadege-dauvergne.art\/blog\/wp-content\/uploads\/2023\/10\/AFFICHE-A2-DAUVERGNE-2023-_1_-1.png\",\"width\":1711,\"height\":2296},{\"@type\":\"BreadcrumbList\",\"@id\":\"https:\/\/nadege-dauvergne.art\/blog\/2023\/10\/galerie-artfontainebleau-exposition-solo\/#breadcrumb\",\"itemListElement\":[{\"@type\":\"ListItem\",\"position\":1,\"name\":\"Accueil\",\"item\":\"https:\/\/nadege-dauvergne.art\/blog\/\"},{\"@type\":\"ListItem\",\"position\":2,\"name\":\"Expositions\",\"item\":\"https:\/\/nadege-dauvergne.art\/blog\/expositions\/\"},{\"@type\":\"ListItem\",\"position\":3,\"name\":\"Galerie artfontainebleau &#8211; Exposition solo\"}]},{\"@type\":\"WebSite\",\"@id\":\"https:\/\/nadege-dauvergne.art\/blog\/#website\",\"url\":\"https:\/\/nadege-dauvergne.art\/blog\/\",\"name\":\"Nad\u00e8ge Dauvergne\",\"description\":\"\",\"publisher\":{\"@id\":\"https:\/\/nadege-dauvergne.art\/blog\/#\/schema\/person\/6172f2539ba808bfeae86402323f66ea\"},\"potentialAction\":[{\"@type\":\"SearchAction\",\"target\":{\"@type\":\"EntryPoint\",\"urlTemplate\":\"https:\/\/nadege-dauvergne.art\/blog\/?s={search_term_string}\"},\"query-input\":{\"@type\":\"PropertyValueSpecification\",\"valueRequired\":true,\"valueName\":\"search_term_string\"}}],\"inLanguage\":\"fr-FR\"},{\"@type\":[\"Person\",\"Organization\"],\"@id\":\"https:\/\/nadege-dauvergne.art\/blog\/#\/schema\/person\/6172f2539ba808bfeae86402323f66ea\",\"name\":\"Nad\u00e8ge Dauvergne\",\"image\":{\"@type\":\"ImageObject\",\"inLanguage\":\"fr-FR\",\"@id\":\"https:\/\/nadege-dauvergne.art\/blog\/#\/schema\/person\/image\/\",\"url\":\"https:\/\/nadege-dauvergne.art\/blog\/wp-content\/uploads\/2024\/04\/Signature-insta2.jpeg\",\"contentUrl\":\"https:\/\/nadege-dauvergne.art\/blog\/wp-content\/uploads\/2024\/04\/Signature-insta2.jpeg\",\"width\":250,\"height\":250,\"caption\":\"Nad\u00e8ge Dauvergne\"},\"logo\":{\"@id\":\"https:\/\/nadege-dauvergne.art\/blog\/#\/schema\/person\/image\/\"},\"sameAs\":[\"http:\/\/nadege-dauvergne.art\",\"https:\/\/www.facebook.com\/nadege.dauvergne.7\",\"https:\/\/www.instagram.com\/nadegedauvergne\/?hl=fr\",\"https:\/\/fr.wikipedia.org\/wiki\/Nadge_Dauvergne\"],\"url\":\"https:\/\/nadege-dauvergne.art\/blog\/author\/wpadminnad\/\"}]}<\/script>\n<!-- \/ Yoast SEO plugin. -->","yoast_head_json":{"title":"Galerie artfontainebleau - Exposition solo - Nad\u00e8ge Dauvergne","robots":{"index":"index","follow":"follow","max-snippet":"max-snippet:-1","max-image-preview":"max-image-preview:large","max-video-preview":"max-video-preview:-1"},"canonical":"https:\/\/nadege-dauvergne.art\/blog\/2023\/10\/galerie-artfontainebleau-exposition-solo\/","og_locale":"fr_FR","og_type":"article","og_title":"Galerie artfontainebleau - Exposition solo - Nad\u00e8ge Dauvergne","og_description":"Nouvelle exposition du 21 septembre au 5 novembre. Performance live painting sur le Mur artfontainebleau le samedi 7 octobre. Page \u00e0 consulter sur le site de la galerie Le MUR de la galerie accueille une fresque r\u00e9alis\u00e9e le 7 octobre, en parall\u00e8le de l&rsquo;exposition et qui sera visible jusqu&rsquo;au printemps 2024. Elle est inspir\u00e9e d&rsquo;un ... Lire la suite","og_url":"https:\/\/nadege-dauvergne.art\/blog\/2023\/10\/galerie-artfontainebleau-exposition-solo\/","og_site_name":"Nad\u00e8ge Dauvergne","article_publisher":"https:\/\/www.facebook.com\/nadege.dauvergne.7","article_author":"https:\/\/www.facebook.com\/nadege.dauvergne.7","article_published_time":"2023-10-03T10:06:09+00:00","article_modified_time":"2023-10-15T17:14:31+00:00","og_image":[{"url":"https:\/\/nadege-dauvergne.art\/blog\/wp-content\/uploads\/2023\/10\/AFFICHE-A2-DAUVERGNE-2023-_1_-1-763x1024.png","type":"","width":"","height":""}],"author":"Nad\u00e8ge Dauvergne","twitter_card":"summary_large_image","twitter_misc":{"\u00c9crit par":"Nad\u00e8ge Dauvergne"},"schema":{"@context":"https:\/\/schema.org","@graph":[{"@type":"Article","@id":"https:\/\/nadege-dauvergne.art\/blog\/2023\/10\/galerie-artfontainebleau-exposition-solo\/#article","isPartOf":{"@id":"https:\/\/nadege-dauvergne.art\/blog\/2023\/10\/galerie-artfontainebleau-exposition-solo\/"},"author":{"name":"Nad\u00e8ge Dauvergne","@id":"https:\/\/nadege-dauvergne.art\/blog\/#\/schema\/person\/6172f2539ba808bfeae86402323f66ea"},"headline":"Galerie artfontainebleau &#8211; Exposition solo","datePublished":"2023-10-03T10:06:09+00:00","dateModified":"2023-10-15T17:14:31+00:00","mainEntityOfPage":{"@id":"https:\/\/nadege-dauvergne.art\/blog\/2023\/10\/galerie-artfontainebleau-exposition-solo\/"},"wordCount":76,"publisher":{"@id":"https:\/\/nadege-dauvergne.art\/blog\/#\/schema\/person\/6172f2539ba808bfeae86402323f66ea"},"image":{"@id":"https:\/\/nadege-dauvergne.art\/blog\/2023\/10\/galerie-artfontainebleau-exposition-solo\/#primaryimage"},"thumbnailUrl":"https:\/\/nadege-dauvergne.art\/blog\/wp-content\/uploads\/2023\/10\/AFFICHE-A2-DAUVERGNE-2023-_1_-1-763x1024.png","articleSection":["Expositions"],"inLanguage":"fr-FR"},{"@type":"WebPage","@id":"https:\/\/nadege-dauvergne.art\/blog\/2023\/10\/galerie-artfontainebleau-exposition-solo\/","url":"https:\/\/nadege-dauvergne.art\/blog\/2023\/10\/galerie-artfontainebleau-exposition-solo\/","name":"Galerie artfontainebleau - Exposition solo - Nad\u00e8ge Dauvergne","isPartOf":{"@id":"https:\/\/nadege-dauvergne.art\/blog\/#website"},"primaryImageOfPage":{"@id":"https:\/\/nadege-dauvergne.art\/blog\/2023\/10\/galerie-artfontainebleau-exposition-solo\/#primaryimage"},"image":{"@id":"https:\/\/nadege-dauvergne.art\/blog\/2023\/10\/galerie-artfontainebleau-exposition-solo\/#primaryimage"},"thumbnailUrl":"https:\/\/nadege-dauvergne.art\/blog\/wp-content\/uploads\/2023\/10\/AFFICHE-A2-DAUVERGNE-2023-_1_-1-763x1024.png","datePublished":"2023-10-03T10:06:09+00:00","dateModified":"2023-10-15T17:14:31+00:00","breadcrumb":{"@id":"https:\/\/nadege-dauvergne.art\/blog\/2023\/10\/galerie-artfontainebleau-exposition-solo\/#breadcrumb"},"inLanguage":"fr-FR","potentialAction":[{"@type":"ReadAction","target":["https:\/\/nadege-dauvergne.art\/blog\/2023\/10\/galerie-artfontainebleau-exposition-solo\/"]}]},{"@type":"ImageObject","inLanguage":"fr-FR","@id":"https:\/\/nadege-dauvergne.art\/blog\/2023\/10\/galerie-artfontainebleau-exposition-solo\/#primaryimage","url":"https:\/\/nadege-dauvergne.art\/blog\/wp-content\/uploads\/2023\/10\/AFFICHE-A2-DAUVERGNE-2023-_1_-1.png","contentUrl":"https:\/\/nadege-dauvergne.art\/blog\/wp-content\/uploads\/2023\/10\/AFFICHE-A2-DAUVERGNE-2023-_1_-1.png","width":1711,"height":2296},{"@type":"BreadcrumbList","@id":"https:\/\/nadege-dauvergne.art\/blog\/2023\/10\/galerie-artfontainebleau-exposition-solo\/#breadcrumb","itemListElement":[{"@type":"ListItem","position":1,"name":"Accueil","item":"https:\/\/nadege-dauvergne.art\/blog\/"},{"@type":"ListItem","position":2,"name":"Expositions","item":"https:\/\/nadege-dauvergne.art\/blog\/expositions\/"},{"@type":"ListItem","position":3,"name":"Galerie artfontainebleau &#8211; Exposition solo"}]},{"@type":"WebSite","@id":"https:\/\/nadege-dauvergne.art\/blog\/#website","url":"https:\/\/nadege-dauvergne.art\/blog\/","name":"Nad\u00e8ge Dauvergne","description":"","publisher":{"@id":"https:\/\/nadege-dauvergne.art\/blog\/#\/schema\/person\/6172f2539ba808bfeae86402323f66ea"},"potentialAction":[{"@type":"SearchAction","target":{"@type":"EntryPoint","urlTemplate":"https:\/\/nadege-dauvergne.art\/blog\/?s={search_term_string}"},"query-input":{"@type":"PropertyValueSpecification","valueRequired":true,"valueName":"search_term_string"}}],"inLanguage":"fr-FR"},{"@type":["Person","Organization"],"@id":"https:\/\/nadege-dauvergne.art\/blog\/#\/schema\/person\/6172f2539ba808bfeae86402323f66ea","name":"Nad\u00e8ge Dauvergne","image":{"@type":"ImageObject","inLanguage":"fr-FR","@id":"https:\/\/nadege-dauvergne.art\/blog\/#\/schema\/person\/image\/","url":"https:\/\/nadege-dauvergne.art\/blog\/wp-content\/uploads\/2024\/04\/Signature-insta2.jpeg","contentUrl":"https:\/\/nadege-dauvergne.art\/blog\/wp-content\/uploads\/2024\/04\/Signature-insta2.jpeg","width":250,"height":250,"caption":"Nad\u00e8ge Dauvergne"},"logo":{"@id":"https:\/\/nadege-dauvergne.art\/blog\/#\/schema\/person\/image\/"},"sameAs":["http:\/\/nadege-dauvergne.art","https:\/\/www.facebook.com\/nadege.dauvergne.7","https:\/\/www.instagram.com\/nadegedauvergne\/?hl=fr","https:\/\/fr.wikipedia.org\/wiki\/Nadge_Dauvergne"],"url":"https:\/\/nadege-dauvergne.art\/blog\/author\/wpadminnad\/"}]}},"_links":{"self":[{"href":"https:\/\/nadege-dauvergne.art\/blog\/wp-json\/wp\/v2\/posts\/1859","targetHints":{"allow":["GET"]}}],"collection":[{"href":"https:\/\/nadege-dauvergne.art\/blog\/wp-json\/wp\/v2\/posts"}],"about":[{"href":"https:\/\/nadege-dauvergne.art\/blog\/wp-json\/wp\/v2\/types\/post"}],"author":[{"embeddable":true,"href":"https:\/\/nadege-dauvergne.art\/blog\/wp-json\/wp\/v2\/users\/2"}],"replies":[{"embeddable":true,"href":"https:\/\/nadege-dauvergne.art\/blog\/wp-json\/wp\/v2\/comments?post=1859"}],"version-history":[{"count":12,"href":"https:\/\/nadege-dauvergne.art\/blog\/wp-json\/wp\/v2\/posts\/1859\/revisions"}],"predecessor-version":[{"id":1882,"href":"https:\/\/nadege-dauvergne.art\/blog\/wp-json\/wp\/v2\/posts\/1859\/revisions\/1882"}],"wp:attachment":[{"href":"https:\/\/nadege-dauvergne.art\/blog\/wp-json\/wp\/v2\/media?parent=1859"}],"wp:term":[{"taxonomy":"category","embeddable":true,"href":"https:\/\/nadege-dauvergne.art\/blog\/wp-json\/wp\/v2\/categories?post=1859"},{"taxonomy":"post_tag","embeddable":true,"href":"https:\/\/nadege-dauvergne.art\/blog\/wp-json\/wp\/v2\/tags?post=1859"}],"curies":[{"name":"wp","href":"https:\/\/api.w.org\/{rel}","templated":true}]}}